{"id":107,"date":"2023-05-08T09:44:27","date_gmt":"2023-05-08T09:44:27","guid":{"rendered":"https:\/\/rincondenoticias.com\/?p=107"},"modified":"2023-05-08T09:44:27","modified_gmt":"2023-05-08T09:44:27","slug":"la-decima-edicion-de-la-15k-nocturna-se-traslada-al-mes-de-septiembre","status":"publish","type":"post","link":"https:\/\/rincondenoticias.com\/?p=107","title":{"rendered":"La d\u00e9cima edici\u00f3n de la 15K Nocturna se traslada al mes de septiembre"},"content":{"rendered":"<p><strong>La d\u00e9cima edici\u00f3n de la 15K Nocturna se traslada al mes de septiembre<\/strong><\/p>\n<p><img loading=\"lazy\" decoding=\"async\" class=\"alignnone size-medium wp-image-109\" src=\"https:\/\/rincondenoticias.com\/wp-content\/uploads\/2023\/05\/15k2-300x219.jpg\" alt=\"\" width=\"300\" height=\"219\" srcset=\"https:\/\/rincondenoticias.com\/wp-content\/uploads\/2023\/05\/15k2-300x219.jpg 300w, https:\/\/rincondenoticias.com\/wp-content\/uploads\/2023\/05\/15k2-768x561.jpg 768w, https:\/\/rincondenoticias.com\/wp-content\/uploads\/2023\/05\/15k2.jpg 877w\" sizes=\"auto, (max-width: 300px) 100vw, 300px\" \/><\/p>\n<p><strong>Se ha presentado la d\u00e9cima edici\u00f3n de la 15K Nocturna FibraValencia en la sala de prensa de la Fundaci\u00f3n Deportiva Municipal. Al acto ha asistido el concejal de deportes del Ayuntamiento de Val\u00e8ncia, Javier Mateo; el organizador de la carrera, Rafael Blanquer i el director de la Fundaci\u00f3n Trinidad Alfonso, Juan Miguel G\u00f3mez.<\/strong><\/p>\n<p>La carrera se celebrar\u00e1 el pr\u00f3ximo 30 de septiembre a las 22:30 horas, lo que la convierte en la \u00fanica carrera nocturna del calendario. La organizaci\u00f3n espera llegar a las 10.000 inscripciones y un 50% de participaci\u00f3n femenina. La prueba ha trasladado su realizaci\u00f3n desde el mes de junio a finales de septiembre, para que sirva de antesala a la Media Marat\u00f3n Val\u00e8ncia Trinidad Alfonso y a la Marat\u00f3n.<\/p>\n<p>El pistoletazo de salida de la prueba tendr\u00e1 lugar en la avenida Ingeniero Manuel Soto, desde donde los participantes recorrer\u00e1n algunos de los lugares m\u00e1s emblem\u00e1ticos de Val\u00e8ncia como las Torres del Serranos, la plaza del Ayuntamiento o la Ciudad de las Artes y las Ciencias, entre otros muchos.<\/p>\n<p>La carrera contar\u00e1 con cinco clasificaciones independientes: absoluta, de 18 a 34 a\u00f1os; m\u00e1ster 35, de 35 a 39 a\u00f1os; m\u00e1ster 40, de 40 a 49 a\u00f1os; m\u00e1ster 50, de 50 a 59 a\u00f1os y m\u00e1ster 60 mayor de 60 a\u00f1os. La prueba tambi\u00e9n contar\u00e1 con tres categor\u00edas para atletas en silla de ruedas: atletas en silla de ruedas deportiva reglamentaria, atletas en handbike reglamentario y atletas en otro tipo de silla de ruedas, sin embargo, solo la primera es apta para la competici\u00f3n.<\/p>\n<p>La 15K Nocturna ostenta la mejor marca de la historia en la distancia sobre suelo espa\u00f1ol, tanto en categor\u00eda masculina como femenina y cuenta con un trazado homologado por la Real Federaci\u00f3n Espa\u00f1ola de Atletismo.<\/p>\n<p>En esta edici\u00f3n, Cruz Roja repite como entidad ben\u00e9fica de la prueba, por lo que el corredor que lo desee podr\u00e1 realizar una aportaci\u00f3n de 2 euros extra en el momento de su inscripci\u00f3n.<\/p>\n<p>Las inscripciones de esta nueva edici\u00f3n est\u00e1n abiertas desde el pasado d\u00eda 2 de mayo y todos los interesados se podr\u00e1n inscribir hasta el mismo 30 de septiembre.<\/p>\n<p><img loading=\"lazy\" decoding=\"async\" class=\"alignnone size-medium wp-image-108\" src=\"https:\/\/rincondenoticias.com\/wp-content\/uploads\/2023\/05\/15k1-300x177.jpg\" alt=\"\" width=\"300\" height=\"177\" srcset=\"https:\/\/rincondenoticias.com\/wp-content\/uploads\/2023\/05\/15k1-300x177.jpg 300w, https:\/\/rincondenoticias.com\/wp-content\/uploads\/2023\/05\/15k1-768x454.jpg 768w, https:\/\/rincondenoticias.com\/wp-content\/uploads\/2023\/05\/15k1.jpg 1015w\" sizes=\"auto, (max-width: 300px) 100vw, 300px\" \/><\/p>\n","protected":false},"excerpt":{"rendered":"<p>La d\u00e9cima edici\u00f3n de la 15K Nocturna se traslada al mes de septiembre Se ha presentado la d\u00e9cima edici\u00f3n de la 15K Nocturna FibraValencia en la sala de prensa de la Fundaci\u00f3n Deportiva Municipal. Al acto ha asistido el concejal de deportes del Ayuntamiento de Val\u00e8ncia, Javier Mateo; el organizador de la carrera, Rafael Blanquer [&hellip;]<\/p>\n","protected":false},"author":1,"featured_media":109,"comment_status":"open","ping_status":"open","sticky":false,"template":"","format":"standard","meta":{"footnotes":""},"categories":[5],"tags":[],"class_list":["post-107","post","type-post","status-publish","format-standard","has-post-thumbnail","hentry","category-deportes"],"_links":{"self":[{"href":"https:\/\/rincondenoticias.com\/index.php?rest_route=\/wp\/v2\/posts\/107","targetHints":{"allow":["GET"]}}],"collection":[{"href":"https:\/\/rincondenoticias.com\/index.php?rest_route=\/wp\/v2\/posts"}],"about":[{"href":"https:\/\/rincondenoticias.com\/index.php?rest_route=\/wp\/v2\/types\/post"}],"author":[{"embeddable":true,"href":"https:\/\/rincondenoticias.com\/index.php?rest_route=\/wp\/v2\/users\/1"}],"replies":[{"embeddable":true,"href":"https:\/\/rincondenoticias.com\/index.php?rest_route=%2Fwp%2Fv2%2Fcomments&post=107"}],"version-history":[{"count":1,"href":"https:\/\/rincondenoticias.com\/index.php?rest_route=\/wp\/v2\/posts\/107\/revisions"}],"predecessor-version":[{"id":110,"href":"https:\/\/rincondenoticias.com\/index.php?rest_route=\/wp\/v2\/posts\/107\/revisions\/110"}],"wp:featuredmedia":[{"embeddable":true,"href":"https:\/\/rincondenoticias.com\/index.php?rest_route=\/wp\/v2\/media\/109"}],"wp:attachment":[{"href":"https:\/\/rincondenoticias.com\/index.php?rest_route=%2Fwp%2Fv2%2Fmedia&parent=107"}],"wp:term":[{"taxonomy":"category","embeddable":true,"href":"https:\/\/rincondenoticias.com\/index.php?rest_route=%2Fwp%2Fv2%2Fcategories&post=107"},{"taxonomy":"post_tag","embeddable":true,"href":"https:\/\/rincondenoticias.com\/index.php?rest_route=%2Fwp%2Fv2%2Ftags&post=107"}],"curies":[{"name":"wp","href":"https:\/\/api.w.org\/{rel}","templated":true}]}}