{"id":168,"date":"2023-06-17T15:23:30","date_gmt":"2023-06-17T15:23:30","guid":{"rendered":"https:\/\/rincondenoticias.com\/?p=168"},"modified":"2023-06-17T15:23:30","modified_gmt":"2023-06-17T15:23:30","slug":"la-candidata-del-pp-maria-jose-catala-nombrada-alcaldesa-de-valencia","status":"publish","type":"post","link":"https:\/\/rincondenoticias.com\/?p=168","title":{"rendered":"La candidata del PP, Mar\u00eda Jos\u00e9 Catal\u00e1, nombrada alcaldesa de Valencia"},"content":{"rendered":"<p class=\"p1\"><span class=\"s2\">La nueva corporaci\u00f3n municipal se ha constituido de forma solemne en el Ayuntamient<\/span><span class=\"s1\">o<\/span><\/p>\n<p class=\"p1\"><span class=\"s1\"> <img loading=\"lazy\" decoding=\"async\" class=\"alignnone size-medium wp-image-169\" src=\"https:\/\/rincondenoticias.com\/wp-content\/uploads\/2023\/06\/9D526345-126A-4E92-AA13-EB1DCC14EF08-300x204.jpeg\" alt=\"\" width=\"300\" height=\"204\" srcset=\"https:\/\/rincondenoticias.com\/wp-content\/uploads\/2023\/06\/9D526345-126A-4E92-AA13-EB1DCC14EF08-300x204.jpeg 300w, https:\/\/rincondenoticias.com\/wp-content\/uploads\/2023\/06\/9D526345-126A-4E92-AA13-EB1DCC14EF08-1024x696.jpeg 1024w, https:\/\/rincondenoticias.com\/wp-content\/uploads\/2023\/06\/9D526345-126A-4E92-AA13-EB1DCC14EF08-768x522.jpeg 768w, https:\/\/rincondenoticias.com\/wp-content\/uploads\/2023\/06\/9D526345-126A-4E92-AA13-EB1DCC14EF08-1536x1045.jpeg 1536w, https:\/\/rincondenoticias.com\/wp-content\/uploads\/2023\/06\/9D526345-126A-4E92-AA13-EB1DCC14EF08-2048x1393.jpeg 2048w\" sizes=\"auto, (max-width: 300px) 100vw, 300px\" \/><br \/>\nLa candidata del Partido Popular a la Alcald\u00eda de Val\u00e8ncia, Mar\u00eda Jos\u00e9 Catal\u00e1, ha sido nombrada hoy alcaldesa, con 13 de los 33 votos de la <a href=\"https:\/\/www.valencia.es\/cas\/ayuntamiento\/pleno-del-ayuntamiento3\"><span class=\"s3\">nueva corporaci\u00f3n<\/span><\/a> municipal, que se ha constituido hoy de forma solemne. Esta sesi\u00f3n constitutiva se ha celebrado en el Hemiciclo, donde se han reunido en Pleno, por primera vez, los nuevos concejales y concejalas: 13 del Partido Popular (PP), 9 de Comprom\u00eds, 7 del Partido Socialista (PSPV-PSOE), y 4 de Vox. En el transcurso de esta reuni\u00f3n p\u00fablica, desarrollada c\u00f3mo prev\u00e9 la Ley Org\u00e1nica de r\u00e9gimen electoral general el vig\u00e9simo d\u00eda posterior a la celebraci\u00f3n del mencionado escrutinio, tambi\u00e9n se ha elegido y nombrado la alcaldesa. La cabeza de la lista de la formaci\u00f3n pol\u00edtica m\u00e1s votada, Mar\u00eda Jos\u00e9 Catal\u00e1, ha iniciado el mandato del duod\u00e9cimo ayuntamiento democr\u00e1tico de la ciudad de Val\u00e8ncia.<br \/>\n<\/span><\/p>\n<p class=\"p1\"><span class=\"s1\">\u00a0<\/span><\/p>\n<p class=\"p1\"><span class=\"s1\">El acto ha empezado, pasadas las 10:30 horas con la constituci\u00f3n de la Mesa de edad integrada, por el concejal de mayor edad, y candidato del grupo Comprom\u00eds a la Alcald\u00eda, el edil Joan Rib\u00f3, y por la edil m\u00e1s joven, la socialista Nuria Llopis. Este \u00f3rgano de gobierno de car\u00e1cter transitorio, presidido por el concejal de mayor edad y hasta ese momento alcalde en funciones, Joan Rib\u00f3, ha comprobado, junto con el secretario de la corporaci\u00f3n, las credenciales presentadas o las acreditaciones de la identidad de las personas electas seg\u00fan las certificaciones remitidas por la Junta Electoral de Zona al Ayuntamiento. Seguidamente, el secretario se ha hecho eco del n\u00famero de votos obtenidos por cada candidatura y del n\u00famero de concejales y concejalas electas correspondientes.<\/span><\/p>\n<p class=\"p1\"><span class=\"s1\">Una vez realizado este tr\u00e1mite, se ha procedido a la constituci\u00f3n de la corporaci\u00f3n. En primer lugar, el secretario general ha invitado a los componentes de la Mesa de edad a formular el juramento o promesa del cargo de concejala y concejal y les ha entregado los atributos correspondientes a la representaci\u00f3n p\u00fablica. Tras la promesa de Nuria Llopis y de Joan Rib\u00f3, que tambi\u00e9n se ha \u201ccomprometido a dedicar especial atenci\u00f3n a la defensa del horta y de las playas de la ciudad ante cualquier agresi\u00f3n\u201d. A continuaci\u00f3n, el presidente de la Mesa de edad ha invitado al resto de ediles y edilas electos a prestar juramento o promesa que, a medida que han subido al estrado, han recibido el cord\u00f3n de concejal o concejala.<\/span><\/p>\n<p class=\"p1\"><span class=\"s1\">En representaci\u00f3n del Partido Popular que, desde hoy ocupa la bancada de la derecha (desde el punto de vista de la presidencia del Hemiciclo), han asumido la funci\u00f3n p\u00fablica, bajo juramento por su conciencia y honor y con lealtad al rey para guardar y hacer guardar la Constituci\u00f3n y el Estatuto de Autonom\u00eda, Mar\u00eda Jos\u00e9 Catal\u00e1, Juan Carlos Caballero, Mar\u00eda Jos\u00e9 San Segundo, Jos\u00e9 Mar\u00ed, Jos\u00e9 Luis Moreno, Paula Llobet, Julia Climent, Santiago Ballester, Juan Giner, Jes\u00fas Carbonell, Carlos Mundina, Marta Torrado y Roc\u00edo Gil.<\/span><\/p>\n<p class=\"p1\">De Comprom\u00eds, que continuar\u00e1 representado en la bancada de la izquierda, han subido al estrado Papi Robles, Gloria Tello, Pere Fuset, Sergi Campillo, Luc\u00eda Beamud, Giuseppe Grezzi, Ferran Puchades i Eva Coscoll\u00e1, quienes, adem\u00e1s de promoter \u201cel cumplimiento fiel de las obligaciones de su cargo\u201d, han manifestado su \u201ccompromiso para conseguir, por ejemplo, un mundo mejor para cada barrio, con igualdad de trato para todas las personas, y para defender as\u00ed una Val\u00e8ncia abierta, culta, tolerante, feminista y antifascista\u201d.<\/p>\n<p class=\"p1\">Despu\u00e9s se han levantado de la bancada central los concejales y concejalas del Partido Socialista (PSPV-PSOE): Sandra G\u00f3mez, Borja Sanju\u00e1n, Maite Ib\u00e1\u00f1ez, Javier Mateo, Elisa Val\u00eda y Mar\u00eda P\u00e9rez. Todos y todas han prometido cumplir con sus obligaciones \u00a0y Sandra G\u00f3mez tambi\u00e9n ha hablado \u201cde implicaci\u00f3n para defender los derechos de las mujeres, especialmente de las v\u00edctimas de violencia de g\u00e9nero\u201d.<\/p>\n<p class=\"p1\">Y por \u00faltimo, desde la parte trasera de la bancada central subido al estrado y jurado el cumplimiento de sus obligaciones los y las representantes de Vox: Juanma Badenas, Jos\u00e9 Gos\u00e1lbez, M\u00f3nica Gil y Cecilia Herrero.<\/p>\n<p class=\"p1\"><span class=\"s1\">Constituida definitivamente la corporaci\u00f3n local, se ha procedido a la elecci\u00f3n de la m\u00e1xima autoridad municipal. El presidente de la mesa ha invitado a presentar por escrito las candidaturas a alcalde y alcaldesa, y tras explicar el sistema de votaci\u00f3n, el secretario ha llamado por orden de representaci\u00f3n a los y las ediles para la emisi\u00f3n de su voto para elegir entre los candidatos a la Alcald\u00eda de Val\u00e8ncia: Mar\u00eda Jos\u00e9 Catal\u00e1, Joan Rib\u00f3, Sandra G\u00f3mez i Juanma Badenas. En este caso, los miembros de la Mesa de edad han sido los \u00faltimos a votar.<\/span><\/p>\n<p class=\"p1\">Tal como establece la Ley Org\u00e1nica 5\/1985, de 19 de junio, del r\u00e9gimen electoral general, como en la primera votaci\u00f3n ninguna de las personas candidatas ha obtenido la mayor\u00eda absoluta \u00a0(Mar\u00eda Jos\u00e9 Catal\u00e1 ha obtenido 13 votos, Joan Rib\u00f3 9, Sandra G\u00f3mez 7 y Juanma Badenas 4), se ha proclamado alcaldesa a la concejala que ha encabezado la lista que ha obtenido mayor <a href=\"https:\/\/www.valencia.es\/val\/estadistica\/cataleg-de-publicacions?p_p_id=EstadisticaCatalogo_INSTANCE_9NVaM7N6ZUpB&amp;p_p_lifecycle=0&amp;p_p_state=normal&amp;p_p_mode=view&amp;_EstadisticaCatalogo_INSTANCE_9NVaM7N6ZUpB_IDCatalogo=9511515&amp;_EstadisticaCatalogo_INSTANCE_9NVaM7N6ZUpB_jspPage=%2Fcatalogo_publicaciones.jsp&amp;_EstadisticaCatalogo_INSTANCE_9NVaM7N6ZUpB_serie=25\"><span class=\"s4\">n\u00famero de votos<\/span><\/a>.<\/p>\n<p class=\"p1\">Mar\u00eda Jos\u00e9 Catal\u00e1, como m\u00e1xima autoridad municipal, ha jurado el cargo y ha recibido de manos del concejal Joan Rib\u00f3 el bast\u00f3n como s\u00edmbolo de su responsabilidad. Al ocupar su esca\u00f1o en la presidencia del Hemiciclo, los integrantes de la Mesa de edad se han reintegrado con el resto de compa\u00f1eros y compa\u00f1eras.<\/p>\n<p class=\"p1\"><span class=\"s1\">A continuaci\u00f3n, y como colof\u00f3n del acto que, aproximadamente, ha durado unas dos horas y media, han intervenido los portavoces de los diferentes grupos pol\u00edticos representados en el Ayuntamiento, con un tiempo m\u00e1ximo de 10 minutos, y por orden de menor a mayor n\u00famero de votos.<\/span><\/p>\n<p class=\"p1\">PP<br \/>\nEl portavoz de PP, el grupo con mayor representaci\u00f3n en el Hemiciclo, Juan Carlos Caballero, ha manifestado &#8220;con orgullo\u201d que \u201cVal\u00e8ncia tiene a la alcaldesa que han votado mayoritariamente todos y cada uno de los distritos de la ciudad, que sue\u00f1a y que ambiciona ser la mejor ciudad del mundo\u201d. Asimismo, ha destacado que \u201cel Partido Popular conoce bien las necesidades m\u00e1s acuciantes de los valencianos\u201d. \u201cLlevamos cuatro a\u00f1os escuchando sus problemas. Las soluciones no pueden esperar. Es el momento de la estabilidad, del rigor y de la responsabilidad\u201d, ha asegurado tras resaltar: \u201cEligiendo a Mar\u00eda Jos\u00e9 Catal\u00e1, los valencianos han elegido sentido com\u00fan\u201d.<\/p>\n<p class=\"p1\"><span class=\"s1\">En este sentido el portavoz popular ha se\u00f1alado que \u201cValencia va a tener un gobierno que transforme la crispaci\u00f3n en gesti\u00f3n, las ocurrencias en planificaci\u00f3n y las promesas en infraestructuras\u201d. Por \u00faltimo, Caballero ha explicado que \u201clos valencianos han elegido un modelo de progreso que sit\u00faa a las personas en el centro de su acci\u00f3n\u201d. \u201cHan votado por un gobierno que les baje los impuestos, que limpie las calles y que ponga m\u00e1s seguridad en los barrios y no le vamos a defraudar\u201d.<\/span><\/p>\n<p class=\"p1\"><span class=\"s2\">Comprom\u00eds<\/span><\/p>\n<p class=\"p1\"><span class=\"s1\">Joan Rib\u00f3, en nombre del grupo municipal Comprom\u00eds, ha felicitado a la nueva alcaldesa y ha advertido que \u201ccontinuaremos trabajando por nuestra ciudad desde el lugar donde nos han colocado los votantes y nuestro lugar es ahora la oposici\u00f3n en el gobierno que usted presidir\u00e1\u201d. Rib\u00f3, que ha repasado el estado de la ciudad, ha asegurado que \u201clas diferencias entre su modelo de ciudad y el nuestro son m\u00faltiples y abundantes\u201d. En este sentido, el responsable de Comprom\u00eds ha destacado, entre otros asuntos, que \u201clas plazas, que cuando llegamos eran unas grandes rotondas para coches, ahora son lugares de paseo\u201d y que \u201cencontramos un ayuntamiento endeudado hasta las orejas y ahora somos la gran ciudad de Espa\u00f1a que m\u00e1s ha bajado la deuda\u201d.<\/span><\/p>\n<p class=\"p1\"><span class=\"s1\">Rib\u00f3 ha destacado que \u201chace unos a\u00f1os, Comprom\u00eds tuvo un papel determinante al sacar a la luz todos los procesos de corrupci\u00f3n en este ayuntamiento, algunos de los cuales todav\u00eda se encuentran pendientes de su resoluci\u00f3n en los tribunales de justicia. Desde la satisfacci\u00f3n de tener las manos muy limpias durante estos ocho a\u00f1os de gobierno, adoptaremos una posici\u00f3n parecida en caso de que se produzcan actuaciones parecidas en el \u00e1mbito municipal\u201d. Rib\u00f3 ha finalizado afirmando que \u201cnos sentimos orgullosos de la tarea realizada y sabemos que muchos ciudadanos est\u00e1n muy preocupados por el futuro de la ciudad\u201d.<\/span><\/p>\n<p class=\"p1\"><span class=\"s2\">PSPV-PSOE<\/span><\/p>\n<p class=\"p1\"><span class=\"s1\">La portavoz del PSPV-PSOE, Sandra G\u00f3mez, ha hablado del relato de las ciudades, \u201cque ya no es un relato personal, ni tan siquiera de un partido, es un relato colectivo que se escribe a varios manos\u201d. Y de esta manera, ha recordado que \u201cel partido socialista siempre construye sumando las distintas voces, sin sectarismos\u201d, y ha solicitado a la nueva alcaldesa \u201cque gobierne con la ciudadan\u00eda y no en nombre de sus votantes o socios, apostando por el dialogo y la convivencia y enterrando la crispaci\u00f3n\u201d. \u201cY cabe recordar \u2013ha a\u00f1adido- que en estas elecciones ha habido un voto para la pluralidad, y que nadie tienen que caer en triunfalismos o soberbia, que se traduzca en derogar o dar marcha atr\u00e1s a muchos de los avances conseguidos, sobre los adem\u00e1s existe una aceptaci\u00f3n mayoritaria\u201d.<\/span><\/p>\n<p class=\"p1\"><span class=\"s1\">G\u00f3mez ha reivindicado \u201cla ciudad que hoy somos\u201d, como \u201cun gran legado del trabajo realizado pero tambi\u00e9n como una garant\u00eda para futuro mejor\u201d. As\u00ed, ha hablado de \u201cla ciudad de la capital verde, del dise\u00f1o, de \u00a0las plazas, los parques y las s\u00faper manzanas, la mejor ciudad del mundo para vivir\u201d. \u201cAhora \u2013ha concluido- nos preocupa que se pierdan oportunidades y, nos preocupa especialmente, el futuro de las mujeres, porque es inaceptable que se haya banazalido una violencia que mata\u201d. \u201cNing\u00fan valenciano, y especialmente valenciana, deber\u00eda sentir miedo por un cambio de Gobierno, y en 4 a\u00f1os est\u00e1 ciudad volver\u00e1 a mirar al futuro\u201d.<\/span><\/p>\n<p class=\"p1\"><span class=\"s2\">Vox<\/span><\/p>\n<p class=\"p1\"><span class=\"s1\">Finalmente, a pesar de que ha sido el primero en hablar, porque seg\u00fan la normativa el uso de la palabra se ha hecho de menor a mayor n\u00famero de votos obtenidos, ha intervenido el portavoz de Vox, Juanma Badenas, quien ha felicitado a la alcaldesa \u201cpor su nombramiento, que no por su elecci\u00f3n\u201d. El edil \u00a0ha afirmado: \u201ccuando era peque\u00f1o, mi padre me explic\u00f3 qu\u00e9 eran las dos L del escudo de la ciudad y me dijo que la lealtad consiste a decir la verdad cuando la verdad conviene al inter\u00e9s de la ciudad\u201d. En este sentido, el portavoz de Vox ha afirmado que \u201chay que actuar con la voluntad de los valencianos, que prefieren un gobierno s\u00f3lido y estable que vigilo el bien com\u00fan\u201d.<\/span><\/p>\n<p class=\"p1\"><span class=\"s1\">Para Badenas, \u201cconseguir un gobierno sin ajustarse a la mayor\u00eda no siempre se puede decir que sea lo m\u00e1s moral o lo m\u00e1s virtuoso\u201d. \u201cPor eso \u2013ha dicho- aqu\u00ed est\u00e1 Vox, doblemente leal, para decir el que creemos que es aquello moral\u201d.<\/span><\/p>\n<p class=\"p1\"><span class=\"s1\">Despu\u00e9s de agradecer la asistencia de autoridades representantes de diferentes entidades y colectivos, y leer su discurso, la alcaldesa ha levantado la sesi\u00f3n y la imagen de la nueva corporaci\u00f3n ha quedado plasmada con las tradicionales fotograf\u00edas oficiales<\/span><\/p>\n<p><img loading=\"lazy\" decoding=\"async\" class=\"alignnone size-medium wp-image-170\" src=\"https:\/\/rincondenoticias.com\/wp-content\/uploads\/2023\/06\/B3A7148A-4D96-4AA8-8056-CD3D7F364FC6-300x184.jpeg\" alt=\"\" width=\"300\" height=\"184\" srcset=\"https:\/\/rincondenoticias.com\/wp-content\/uploads\/2023\/06\/B3A7148A-4D96-4AA8-8056-CD3D7F364FC6-300x184.jpeg 300w, https:\/\/rincondenoticias.com\/wp-content\/uploads\/2023\/06\/B3A7148A-4D96-4AA8-8056-CD3D7F364FC6-1024x627.jpeg 1024w, https:\/\/rincondenoticias.com\/wp-content\/uploads\/2023\/06\/B3A7148A-4D96-4AA8-8056-CD3D7F364FC6-768x470.jpeg 768w, https:\/\/rincondenoticias.com\/wp-content\/uploads\/2023\/06\/B3A7148A-4D96-4AA8-8056-CD3D7F364FC6-1536x940.jpeg 1536w, https:\/\/rincondenoticias.com\/wp-content\/uploads\/2023\/06\/B3A7148A-4D96-4AA8-8056-CD3D7F364FC6-2048x1253.jpeg 2048w\" sizes=\"auto, (max-width: 300px) 100vw, 300px\" \/> <img loading=\"lazy\" decoding=\"async\" class=\"alignnone size-medium wp-image-171\" src=\"https:\/\/rincondenoticias.com\/wp-content\/uploads\/2023\/06\/7D1877C7-2F4D-410C-9C4A-9776D65B5F6E-300x193.jpeg\" alt=\"\" width=\"300\" height=\"193\" srcset=\"https:\/\/rincondenoticias.com\/wp-content\/uploads\/2023\/06\/7D1877C7-2F4D-410C-9C4A-9776D65B5F6E-300x193.jpeg 300w, https:\/\/rincondenoticias.com\/wp-content\/uploads\/2023\/06\/7D1877C7-2F4D-410C-9C4A-9776D65B5F6E-1024x658.jpeg 1024w, https:\/\/rincondenoticias.com\/wp-content\/uploads\/2023\/06\/7D1877C7-2F4D-410C-9C4A-9776D65B5F6E-768x494.jpeg 768w, https:\/\/rincondenoticias.com\/wp-content\/uploads\/2023\/06\/7D1877C7-2F4D-410C-9C4A-9776D65B5F6E-1536x987.jpeg 1536w, https:\/\/rincondenoticias.com\/wp-content\/uploads\/2023\/06\/7D1877C7-2F4D-410C-9C4A-9776D65B5F6E-2048x1317.jpeg 2048w\" sizes=\"auto, (max-width: 300px) 100vw, 300px\" \/> <img loading=\"lazy\" decoding=\"async\" class=\"alignnone size-medium wp-image-172\" src=\"https:\/\/rincondenoticias.com\/wp-content\/uploads\/2023\/06\/714F0F12-4FF9-453A-A687-3DDB8A8E6616-300x184.jpeg\" alt=\"\" width=\"300\" height=\"184\" srcset=\"https:\/\/rincondenoticias.com\/wp-content\/uploads\/2023\/06\/714F0F12-4FF9-453A-A687-3DDB8A8E6616-300x184.jpeg 300w, https:\/\/rincondenoticias.com\/wp-content\/uploads\/2023\/06\/714F0F12-4FF9-453A-A687-3DDB8A8E6616-1024x627.jpeg 1024w, https:\/\/rincondenoticias.com\/wp-content\/uploads\/2023\/06\/714F0F12-4FF9-453A-A687-3DDB8A8E6616-768x470.jpeg 768w, https:\/\/rincondenoticias.com\/wp-content\/uploads\/2023\/06\/714F0F12-4FF9-453A-A687-3DDB8A8E6616-1536x941.jpeg 1536w, https:\/\/rincondenoticias.com\/wp-content\/uploads\/2023\/06\/714F0F12-4FF9-453A-A687-3DDB8A8E6616-2048x1254.jpeg 2048w\" sizes=\"auto, (max-width: 300px) 100vw, 300px\" \/> <img loading=\"lazy\" decoding=\"async\" class=\"alignnone size-medium wp-image-173\" src=\"https:\/\/rincondenoticias.com\/wp-content\/uploads\/2023\/06\/D32675E0-6ED9-486A-B687-15FDDD7E614D-300x196.jpeg\" alt=\"\" width=\"300\" height=\"196\" srcset=\"https:\/\/rincondenoticias.com\/wp-content\/uploads\/2023\/06\/D32675E0-6ED9-486A-B687-15FDDD7E614D-300x196.jpeg 300w, https:\/\/rincondenoticias.com\/wp-content\/uploads\/2023\/06\/D32675E0-6ED9-486A-B687-15FDDD7E614D-1024x670.jpeg 1024w, https:\/\/rincondenoticias.com\/wp-content\/uploads\/2023\/06\/D32675E0-6ED9-486A-B687-15FDDD7E614D-768x502.jpeg 768w, https:\/\/rincondenoticias.com\/wp-content\/uploads\/2023\/06\/D32675E0-6ED9-486A-B687-15FDDD7E614D-1536x1004.jpeg 1536w, https:\/\/rincondenoticias.com\/wp-content\/uploads\/2023\/06\/D32675E0-6ED9-486A-B687-15FDDD7E614D-2048x1339.jpeg 2048w\" sizes=\"auto, (max-width: 300px) 100vw, 300px\" \/> <img loading=\"lazy\" decoding=\"async\" class=\"alignnone size-medium wp-image-174\" src=\"https:\/\/rincondenoticias.com\/wp-content\/uploads\/2023\/06\/C894686D-E2D3-4075-92E7-733F4C5B8878-300x189.jpeg\" alt=\"\" width=\"300\" height=\"189\" srcset=\"https:\/\/rincondenoticias.com\/wp-content\/uploads\/2023\/06\/C894686D-E2D3-4075-92E7-733F4C5B8878-300x189.jpeg 300w, https:\/\/rincondenoticias.com\/wp-content\/uploads\/2023\/06\/C894686D-E2D3-4075-92E7-733F4C5B8878-1024x646.jpeg 1024w, https:\/\/rincondenoticias.com\/wp-content\/uploads\/2023\/06\/C894686D-E2D3-4075-92E7-733F4C5B8878-768x485.jpeg 768w, https:\/\/rincondenoticias.com\/wp-content\/uploads\/2023\/06\/C894686D-E2D3-4075-92E7-733F4C5B8878-1536x969.jpeg 1536w, https:\/\/rincondenoticias.com\/wp-content\/uploads\/2023\/06\/C894686D-E2D3-4075-92E7-733F4C5B8878-2048x1292.jpeg 2048w\" sizes=\"auto, (max-width: 300px) 100vw, 300px\" \/> <img loading=\"lazy\" decoding=\"async\" class=\"alignnone size-medium wp-image-175\" src=\"https:\/\/rincondenoticias.com\/wp-content\/uploads\/2023\/06\/8C453AF4-7717-4844-B540-D9273E719EAD-300x185.jpeg\" alt=\"\" width=\"300\" height=\"185\" srcset=\"https:\/\/rincondenoticias.com\/wp-content\/uploads\/2023\/06\/8C453AF4-7717-4844-B540-D9273E719EAD-300x185.jpeg 300w, https:\/\/rincondenoticias.com\/wp-content\/uploads\/2023\/06\/8C453AF4-7717-4844-B540-D9273E719EAD-1024x631.jpeg 1024w, https:\/\/rincondenoticias.com\/wp-content\/uploads\/2023\/06\/8C453AF4-7717-4844-B540-D9273E719EAD-768x473.jpeg 768w, https:\/\/rincondenoticias.com\/wp-content\/uploads\/2023\/06\/8C453AF4-7717-4844-B540-D9273E719EAD-1536x947.jpeg 1536w, https:\/\/rincondenoticias.com\/wp-content\/uploads\/2023\/06\/8C453AF4-7717-4844-B540-D9273E719EAD-2048x1263.jpeg 2048w\" sizes=\"auto, (max-width: 300px) 100vw, 300px\" \/><\/p>\n<p class=\"p1\"><span class=\"s1\">Informa Ajuntament <\/span><\/p>\n","protected":false},"excerpt":{"rendered":"<p>La nueva corporaci\u00f3n municipal se ha constituido de forma solemne en el Ayuntamiento La candidata del Partido Popular a la Alcald\u00eda de Val\u00e8ncia, Mar\u00eda Jos\u00e9 Catal\u00e1, ha sido nombrada hoy alcaldesa, con 13 de los 33 votos de la nueva corporaci\u00f3n municipal, que se ha constituido hoy de forma solemne. Esta sesi\u00f3n constitutiva se ha [&hellip;]<\/p>\n","protected":false},"author":1,"featured_media":169,"comment_status":"open","ping_status":"open","sticky":false,"template":"","format":"standard","meta":{"footnotes":""},"categories":[7,2],"tags":[],"class_list":["post-168","post","type-post","status-publish","format-standard","has-post-thumbnail","hentry","category-actualidad","category-noticias"],"_links":{"self":[{"href":"https:\/\/rincondenoticias.com\/index.php?rest_route=\/wp\/v2\/posts\/168","targetHints":{"allow":["GET"]}}],"collection":[{"href":"https:\/\/rincondenoticias.com\/index.php?rest_route=\/wp\/v2\/posts"}],"about":[{"href":"https:\/\/rincondenoticias.com\/index.php?rest_route=\/wp\/v2\/types\/post"}],"author":[{"embeddable":true,"href":"https:\/\/rincondenoticias.com\/index.php?rest_route=\/wp\/v2\/users\/1"}],"replies":[{"embeddable":true,"href":"https:\/\/rincondenoticias.com\/index.php?rest_route=%2Fwp%2Fv2%2Fcomments&post=168"}],"version-history":[{"count":1,"href":"https:\/\/rincondenoticias.com\/index.php?rest_route=\/wp\/v2\/posts\/168\/revisions"}],"predecessor-version":[{"id":176,"href":"https:\/\/rincondenoticias.com\/index.php?rest_route=\/wp\/v2\/posts\/168\/revisions\/176"}],"wp:featuredmedia":[{"embeddable":true,"href":"https:\/\/rincondenoticias.com\/index.php?rest_route=\/wp\/v2\/media\/169"}],"wp:attachment":[{"href":"https:\/\/rincondenoticias.com\/index.php?rest_route=%2Fwp%2Fv2%2Fmedia&parent=168"}],"wp:term":[{"taxonomy":"category","embeddable":true,"href":"https:\/\/rincondenoticias.com\/index.php?rest_route=%2Fwp%2Fv2%2Fcategories&post=168"},{"taxonomy":"post_tag","embeddable":true,"href":"https:\/\/rincondenoticias.com\/index.php?rest_route=%2Fwp%2Fv2%2Ftags&post=168"}],"curies":[{"name":"wp","href":"https:\/\/api.w.org\/{rel}","templated":true}]}}